[{"@context":"https:\/\/schema.org\/","@type":"Article","@id":"https:\/\/www.grand-uh.cz\/prace-ve-vyskach\/#Article","mainEntityOfPage":"https:\/\/www.grand-uh.cz\/prace-ve-vyskach\/","headline":"Pr\u00e1ce ve v\u00fd\u0161k\u00e1ch","name":"Pr\u00e1ce ve v\u00fd\u0161k\u00e1ch","description":"Je p\u0159irozen\u00e9, \u017ee je t\u0159eba n\u011bkter\u00e9 pr\u00e1ce a \u010dinnosti prov\u00e1d\u011bt nejen v \u00farovni zem\u011b, ale \u010dasto i v r\u016fzn\u00fdch v\u00fd\u0161k\u00e1ch nad n\u00ed. A nejde jenom o stavebn\u00ed pr\u00e1ce. U t\u011bch je p\u0159irozen\u00e9 stav\u011bt pevn\u00e1 dlouhodob\u00e1 le\u0161en\u00ed. Jejich stavba ale nen\u00ed n\u00e1ro\u010dn\u00e1 jen na materi\u00e1l a na \u010das. Velk\u00e1 le\u0161en\u00ed vy\u017eaduj\u00ed vlastn\u00ed projekt a spo\u010d\u00edt\u00e1n\u00ed ve\u0161ker\u00e9ho mo\u017en\u00e9ho zat\u00ed\u017een\u00ed, vy\u0159e\u0161en\u00ed ukotven\u00ed nejen v podkladu, na kter\u00e9m stoj\u00ed, ale i do budovy, kter\u00e1","datePublished":"2025-08-30","dateModified":"2025-08-30","author":{"@type":"Person","@id":"https:\/\/www.grand-uh.cz\/author\/#Person","name":"grand-uh.cz\r\n","url":"https:\/\/www.grand-uh.cz\/author\/","identifier":1,"image":{"@type":"ImageObject","@id":"https:\/\/secure.gravatar.com\/avatar\/1fd5b20daa9a47a1102459a7c733d369075d8cc724ab489feb8ed72c657d346e?s=96&d=mm&r=g","url":"https:\/\/secure.gravatar.com\/avatar\/1fd5b20daa9a47a1102459a7c733d369075d8cc724ab489feb8ed72c657d346e?s=96&d=mm&r=g","height":96,"width":96}},"publisher":{"@type":"Organization","name":"grand-uh.cz","logo":{"@type":"ImageObject","@id":"\/logo.png","url":"\/logo.png","width":600,"height":60}},"url":"https:\/\/www.grand-uh.cz\/prace-ve-vyskach\/","wordCount":180,"articleBody":"Je p\u0159irozen\u00e9, \u017ee je t\u0159eba n\u011bkter\u00e9 pr\u00e1ce a \u010dinnosti prov\u00e1d\u011bt nejen v \u00farovni zem\u011b, ale \u010dasto i v r\u016fzn\u00fdch v\u00fd\u0161k\u00e1ch nad n\u00ed. A nejde jenom o stavebn\u00ed pr\u00e1ce. U t\u011bch je p\u0159irozen\u00e9 stav\u011bt pevn\u00e1 dlouhodob\u00e1 le\u0161en\u00ed. Jejich stavba ale nen\u00ed n\u00e1ro\u010dn\u00e1 jen na materi\u00e1l a na \u010das. Velk\u00e1 le\u0161en\u00ed vy\u017eaduj\u00ed vlastn\u00ed projekt a spo\u010d\u00edt\u00e1n\u00ed ve\u0161ker\u00e9ho mo\u017en\u00e9ho zat\u00ed\u017een\u00ed, vy\u0159e\u0161en\u00ed ukotven\u00ed nejen v podkladu, na kter\u00e9m stoj\u00ed, ale i do budovy, kter\u00e1 se stav\u00ed, \u010di opravuje, p\u0159\u00edpadn\u011b se na n\u00ed prov\u00e1d\u00ed jin\u00e9 pr\u00e1ce. Toto \u0159e\u0161en\u00ed se ale nehod\u00ed pro kr\u00e1tkodob\u00e9 pr\u00e1ce, b\u011b\u017enou \u00fadr\u017ebu, \u010di\u0161t\u011bn\u00ed a podobn\u011b. Nejlep\u0161\u00ed mo\u017enost V p\u0159\u00edpad\u011b, \u017ee pr\u00e1ce ve v\u00fd\u0161k\u00e1ch je kr\u00e1tkodob\u011bj\u0161\u00edho charakteru a je t\u0159eba tak\u00e9 \u010dasto m\u011bnit p\u0159esnou pozici, pak nejvhodn\u011bj\u0161\u00edm bezpe\u010dn\u00fdm \u0159e\u0161en\u00edm jsou vysokozdvi\u017en\u00e9 pracovn\u00ed plo\u0161iny.                                                                                                                                                                                                                                                                                                                                                                                                "},{"@context":"https:\/\/schema.org\/","@type":"BreadcrumbList","itemListElement":[{"@type":"ListItem","position":1,"name":"Pr\u00e1ce ve v\u00fd\u0161k\u00e1ch","item":"https:\/\/www.grand-uh.cz\/prace-ve-vyskach\/#breadcrumbitem"}]}]