[{"@context":"https:\/\/schema.org\/","@type":"Article","@id":"https:\/\/www.grand-uh.cz\/clanek-11-a-13-o-autorskem-pravu\/#Article","mainEntityOfPage":"https:\/\/www.grand-uh.cz\/clanek-11-a-13-o-autorskem-pravu\/","headline":"\u010cl\u00e1nek 11 a 13 o autorsk\u00e9m pr\u00e1vu","name":"\u010cl\u00e1nek 11 a 13 o autorsk\u00e9m pr\u00e1vu","description":"Stovka tis\u00edc lid\u00ed vyrazila do ulic demonstrovat proti budouc\u00edmu rozhodnut\u00ed evropsk\u00fdch poslanc\u016f, kte\u0159\u00ed tento n\u00e1vrh p\u0159ijali, a stal se tak ji\u017e platn\u00fd. V praxi to znamen\u00e1, \u017ee ji\u017e bude \u00fa\u010dinn\u00fdm za dva roky. Tato zased\u00e1n\u00ed a rozhodnut\u00ed se uskute\u010dnilo 26. 3. 2019. Ve sv\u011bt\u011b tato situace vyvolala jedny z nejv\u011bt\u0161\u00edch hromadn\u00fdch demonstrac\u00ed, p\u0159edev\u0161\u00edm mlad\u00fdch lid\u00ed, tato hrozba zas\u00e1hla jejich budoucnost a podobu na soci\u00e1ln\u00edch s\u00edt\u00edch. V boji podepsalo petici p\u0159es","datePublished":"2023-05-05","dateModified":"2023-05-05","author":{"@type":"Person","@id":"https:\/\/www.grand-uh.cz\/author\/#Person","name":"grand-uh.cz\r\n","url":"https:\/\/www.grand-uh.cz\/author\/","identifier":1,"image":{"@type":"ImageObject","@id":"https:\/\/secure.gravatar.com\/avatar\/1fd5b20daa9a47a1102459a7c733d369075d8cc724ab489feb8ed72c657d346e?s=96&d=mm&r=g","url":"https:\/\/secure.gravatar.com\/avatar\/1fd5b20daa9a47a1102459a7c733d369075d8cc724ab489feb8ed72c657d346e?s=96&d=mm&r=g","height":96,"width":96}},"publisher":{"@type":"Organization","name":"grand-uh.cz","logo":{"@type":"ImageObject","@id":"\/logo.png","url":"\/logo.png","width":600,"height":60}},"image":{"@type":"ImageObject","@id":"https:\/\/www.grand-uh.cz\/wp-content\/uploads\/img_a342632_w2349_t1555921051.jpg","url":"https:\/\/www.grand-uh.cz\/wp-content\/uploads\/img_a342632_w2349_t1555921051.jpg","height":0,"width":0},"url":"https:\/\/www.grand-uh.cz\/clanek-11-a-13-o-autorskem-pravu\/","about":["Online"],"wordCount":406,"articleBody":"Stovka tis\u00edc lid\u00ed vyrazila do ulic demonstrovat proti budouc\u00edmu rozhodnut\u00ed evropsk\u00fdch poslanc\u016f, kte\u0159\u00ed tento n\u00e1vrh p\u0159ijali, a stal se tak ji\u017e platn\u00fd. V praxi to znamen\u00e1, \u017ee ji\u017e bude \u00fa\u010dinn\u00fdm za dva roky. Tato zased\u00e1n\u00ed a rozhodnut\u00ed se uskute\u010dnilo 26. 3. 2019. Ve sv\u011bt\u011b tato situace vyvolala jedny z nejv\u011bt\u0161\u00edch hromadn\u00fdch demonstrac\u00ed, p\u0159edev\u0161\u00edm mlad\u00fdch lid\u00ed, tato hrozba zas\u00e1hla jejich budoucnost a podobu na soci\u00e1ln\u00edch s\u00edt\u00edch. V boji podepsalo petici p\u0159es miliony lid\u00ed. P\u0159esto\u017ee bylo i toto kl\u00ed\u010dovou z\u00e1branou, parlament nevzal na n\u011bj z\u0159etel a pokra\u010doval v projedn\u00e1v\u00e1n\u00ed d\u00e1l. \u010cl\u00e1nky hovo\u0159\u00ed a upravuj\u00ed autorsk\u00e1 pr\u00e1va t\u00fdkaj\u00edc\u00ed se od vyhled\u00e1v\u00e1n\u00ed na internetov\u00fdch prohl\u00ed\u017ee\u010d\u00edch p\u0159es ochranu Youtube p\u0159ed nevhodn\u00fdm obsahem.&#13; &#13; V b\u011b\u017en\u00fdch situac\u00edch tato zm\u011bna p\u0159inese hodn\u011b slo\u017eit\u00e9 situace, kter\u00e9 si neum\u00ed p\u0159edstavit skoro nikdo. Nejv\u00edce zas\u00e1hne tv\u016frce platformy Youtube vide\u00ed, kte\u0159\u00ed budou kontrolov\u00e1ni pod velkou cenzurou. Co se v\u0161ak stane, kdy\u017e kontrola zhodnot\u00ed, \u017ee se jedn\u00e1 o nevhodn\u00fd obsah. Jak\u00fd bude trest? A co je v\u016fbec nevhodn\u00fdm obsahem? To je zat\u00edm v budoucnosti. Jak bude ovlivn\u011bn online marketing? St\u00e1t tyto n\u00e1rodn\u00ed pravidla mus\u00ed p\u0159evz\u00edt, ale m\u00e1 pr\u00e1vo si je trochu jinak vylo\u017eit a upravit po sv\u00e9m.&#13; &#13; B\u011b\u017en\u00ed u\u017eivatel\u00e9 pou\u017e\u00edvaj\u00edc\u00ed vyhledava\u010d k informac\u00edm a jednotliv\u00fdm str\u00e1nk\u00e1m by m\u011bli nep\u0159ehledn\u00e9 a slo\u017eit\u00e9 vyhled\u00e1v\u00e1n\u00ed bez kr\u00e1tk\u00fdch perex\u016f, kter\u00e9 n\u00e1m v\u017edy shrnou ve\u0161ker\u00fd obsah \u010dl\u00e1nku se zahrnut\u00fdm kl\u00ed\u010dov\u00fdm slovem. Po zm\u011bn\u011b by \u017e\u00e1dn\u00e9 perexy neexistovaly a my bychom museli hledat pouze podle n\u00e1zv\u016f str\u00e1nek. Pro v\u011bt\u0161inu z n\u00e1s je asi tento zdlouhav\u00fd postup nep\u0159edstaviteln\u00fd a zbyte\u010dnou ztr\u00e1tou \u010dasu. Studenti \u010dasto vyu\u017e\u00edvaj\u00ed internetov\u00e9 vyhledava\u010d jejich webov\u00e9 str\u00e1nky jako u\u010debn\u00ed materi\u00e1ly, kter\u00e9 obs\u00e1hnou u\u010divo ze \u0161irok\u00e9 perspektivy.&#13; Nyn\u00ed mus\u00edme jen \u010dekat, jak v\u0161e dopadne a jak n\u00e1s to jako b\u011b\u017en\u00e9 u\u017eivatel\u00e9 internetu ovlivn\u00ed.&#13; Mysl\u00edte si, \u017ee toto rozhodnut\u00ed bylo spr\u00e1vn\u00fdm krokem EU \u010di nikoliv? Zp\u016fsob\u00ed toto pr\u00e1vo velk\u00e9 pot\u00ed\u017ee a komplikace?&#13; &#13;                                                                                                                                                                                                                                                                                                                                                                                         4.4\/5 - (14 votes)        "},{"@context":"https:\/\/schema.org\/","@type":"BreadcrumbList","itemListElement":[{"@type":"ListItem","position":1,"name":"\u010cl\u00e1nek 11 a 13 o autorsk\u00e9m pr\u00e1vu","item":"https:\/\/www.grand-uh.cz\/clanek-11-a-13-o-autorskem-pravu\/#breadcrumbitem"}]}]